{"id":295,"date":"2020-10-12T11:09:54","date_gmt":"2020-10-12T09:09:54","guid":{"rendered":"https:\/\/www.vlbf.se\/?p=295"},"modified":"2020-10-12T11:55:43","modified_gmt":"2020-10-12T09:55:43","slug":"varmt-valkommen-till-ett-dialogmote-om-samverkansprojektet-nysta","status":"publish","type":"post","link":"https:\/\/www.vlbf.se\/?p=295","title":{"rendered":"Varmt v\u00e4lkommen till ett dialogm\u00f6te om samverkansprojektet Nysta!"},"content":{"rendered":"\n<ul><li><strong>PLATS:<\/strong> Zoom &#8211; l\u00e4nk skickas ut efter anm\u00e4lan<\/li><li><strong>N\u00c4R: <\/strong>15 Oktober 2020<\/li><li><strong>TID: <\/strong>16.30 &#8211; 18.00<\/li><\/ul>\n\n\n\n<p><strong>Anm\u00e4l dig h\u00e4r:<\/strong> <a href=\"https:\/\/givasverige.mira.se\/Events\/229\/Apply\">https:\/\/givasverige.mira.se\/Events\/229\/Apply<\/a><\/p>\n\n\n\n<p>Nysta \u00e4r ett&nbsp;samverkansprojekt&nbsp;som har som m\u00e5l att&nbsp;bidra till&nbsp;ett nytt samh\u00e4llskontrakt&nbsp;f\u00f6r ett Sverige post-corona&nbsp;\u2013&nbsp;med&nbsp;tydligare och b\u00e4ttre f\u00f6ruts\u00e4ttningar f\u00f6r civilsamh\u00e4llet.&nbsp;Vi&nbsp;\u00e4r sju paraplyorganisationer som&nbsp;vill&nbsp;ta fram f\u00f6rslag&nbsp;till&nbsp;en&nbsp;ny politik d\u00e4r civilsamh\u00e4llet utg\u00f6r en starkare r\u00f6st och akt\u00f6r i samh\u00e4llet.&nbsp;&nbsp;<\/p>\n\n\n\n<p>\u00d6ppenhet, dialog och samverkan \u00e4r viktiga ledord i&nbsp;Nystas arbete. Vi vill d\u00e4rf\u00f6r bjuda in&nbsp;till ett \u00f6ppet m\u00f6te&nbsp;d\u00e4r vi delar med oss av&nbsp;hur&nbsp;arbetet&nbsp;hittills g\u00e5tt, ger&nbsp;inblick i ett par av Nystas teman&nbsp;och \u00f6ppnar&nbsp;upp f\u00f6r&nbsp;fortsatt&nbsp;dialog&nbsp;om inriktning och fr\u00e5gest\u00e4llningar.&nbsp;Vi&nbsp;kommer att bjuda in till fler dialogm\u00f6ten under det kommande \u00e5ret.&nbsp;<\/p>\n\n\n\n<p>Nysta&nbsp;best\u00e5r&nbsp;av sex huvudteman;&nbsp;1) det demokratiska utrymmet, 2) arbetsmarknad och kompetensutveckling, 3) forskning och utveckling samt innovation, 4) digitalisering och AI, 5) civilsamh\u00e4llets \u00f6vergripande f\u00f6ruts\u00e4ttningar och 6) v\u00e4lf\u00e4rd i f\u00f6r\u00e4ndring.&nbsp;Varje tema&nbsp;leds av representanter fr\u00e5n civilsamh\u00e4llesorganisationer,&nbsp;med teamdeltagare fr\u00e5n m\u00e5nga samh\u00e4llssektorer.&nbsp;&nbsp;<\/p>\n\n\n\n<p>L\u00e4s mer h\u00e4r: <a href=\"https:\/\/www.vlbf.se\/wp\/wp-content\/uploads\/2020\/10\/Nu-skriver-vi-ett-nytt-samha\u0308llskontrakt-DN.SE_.pdf\">https:\/\/www.vlbf.se\/wp\/wp-content\/uploads\/2020\/10\/Nu-skriver-vi-ett-nytt-samha\u0308llskontrakt-DN.SE_.pdf<\/a><\/p>\n","protected":false},"excerpt":{"rendered":"<p>PLATS: Zoom &#8211; l\u00e4nk skickas ut efter anm\u00e4lan N\u00c4R: 15 Oktober 2020 TID: 16.30 &#8211; 18.00 Anm\u00e4l dig h\u00e4r: https:\/\/givasverige.mira.se\/Events\/229\/Apply&#8230;<\/p>\n","protected":false},"author":5,"featured_media":0,"comment_status":"closed","ping_status":"open","sticky":false,"template":"","format":"standard","meta":[],"categories":[1],"tags":[15,16,12,14,13,17],"_links":{"self":[{"href":"https:\/\/www.vlbf.se\/index.php?rest_route=\/wp\/v2\/posts\/295"}],"collection":[{"href":"https:\/\/www.vlbf.se\/index.php?rest_route=\/wp\/v2\/posts"}],"about":[{"href":"https:\/\/www.vlbf.se\/index.php?rest_route=\/wp\/v2\/types\/post"}],"author":[{"embeddable":true,"href":"https:\/\/www.vlbf.se\/index.php?rest_route=\/wp\/v2\/users\/5"}],"replies":[{"embeddable":true,"href":"https:\/\/www.vlbf.se\/index.php?rest_route=%2Fwp%2Fv2%2Fcomments&post=295"}],"version-history":[{"count":3,"href":"https:\/\/www.vlbf.se\/index.php?rest_route=\/wp\/v2\/posts\/295\/revisions"}],"predecessor-version":[{"id":302,"href":"https:\/\/www.vlbf.se\/index.php?rest_route=\/wp\/v2\/posts\/295\/revisions\/302"}],"wp:attachment":[{"href":"https:\/\/www.vlbf.se\/index.php?rest_route=%2Fwp%2Fv2%2Fmedia&parent=295"}],"wp:term":[{"taxonomy":"category","embeddable":true,"href":"https:\/\/www.vlbf.se\/index.php?rest_route=%2Fwp%2Fv2%2Fcategories&post=295"},{"taxonomy":"post_tag","embeddable":true,"href":"https:\/\/www.vlbf.se\/index.php?rest_route=%2Fwp%2Fv2%2Ftags&post=295"}],"curies":[{"name":"wp","href":"https:\/\/api.w.org\/{rel}","templated":true}]}}