{"id":388,"date":"2021-02-26T20:13:12","date_gmt":"2021-02-26T19:13:12","guid":{"rendered":"https:\/\/www.vlbf.se\/?p=388"},"modified":"2021-02-26T20:13:12","modified_gmt":"2021-02-26T19:13:12","slug":"vill-du-vara-med-och-paverka-vastmanlands-nya-regionala-kulturplan-for-2023-2026","status":"publish","type":"post","link":"https:\/\/www.vlbf.se\/?p=388","title":{"rendered":"Vill du vara med och p\u00e5verka V\u00e4stmanlands nya regionala kulturplan f\u00f6r 2023-2026?"},"content":{"rendered":"\n<p>Nuvarande&nbsp;kulturplan&nbsp;g\u00e5r&nbsp;ut 2022&nbsp;och en ny beh\u00f6ver tas fram i samverkan med l\u00e4nets kommuner, kulturverksamheter, det civila samh\u00e4llet, kulturskapare och kulturlivet<\/p>\n\n\n\n<p>Ett av syftena med den nya kulturplanen \u00e4r att den ska motivera och utveckla de olika kulturverksamheterna i l\u00e4net samtidigt som den ska m\u00f6ta l\u00e4nets behov. Som ett led i samverkan kommer vi att genomf\u00f6ra 11 temadialogm\u00f6ten d\u00e4r du kan f\u00e5 m\u00f6jlighet att lyssna och tycka till. M\u00f6tena genomf\u00f6rs under perioden mars till april 2021.<\/p>\n\n\n\n<ul><li><strong>Tema Musik&nbsp;<\/strong>9 mars<\/li><li><strong>Tema Dans och cirkus&nbsp;<\/strong>17 mars<\/li><li><strong>Tema Arkiv&nbsp;<\/strong>25 mars<\/li><li><strong>Tema Film&nbsp;<\/strong>30 mars<\/li><li><strong>Tema Teater<\/strong>&nbsp;8 april<\/li><li><strong>Tema Bibliotek<\/strong>&nbsp;12 april<\/li><li><strong>Tema Folkbildning<\/strong>&nbsp;13 april<\/li><li><strong>Tema Bild och form<\/strong>&nbsp;15 april<\/li><li><strong>Tema Hemsl\u00f6jd<\/strong>&nbsp;19 april<\/li><li><strong>Tema Kulturarv<\/strong>&nbsp;22 april<\/li><li><strong>Tema L\u00e4sning och litteratur<\/strong>&nbsp;28 april<\/li><\/ul>\n\n\n\n<p><strong>Anm\u00e4lan<\/strong><\/p>\n\n\n\n<p>Anm\u00e4l dig till ett eller flera temadialogm\u00f6ten.&nbsp;<br><a href=\"https:\/\/rv.powerinit.com\/Data\/Event\/EventTemplates\/4401\/?EventId=226\">Anm\u00e4lningsl\u00e4nk V\u00e4stmanlands nya regionala kulturplan 2023-2026<\/a><\/p>\n\n\n\n<p><strong>Svara p\u00e5 en fr\u00e5ga om kulturen<\/strong><\/p>\n\n\n\n<p>Du har ocks\u00e5 m\u00f6jlighet att p\u00e5verka den nya kulturplanen genom att svara p\u00e5 en fr\u00e5ga om kulturen.<\/p>\n\n\n\n<p>P\u00e5&nbsp;<a href=\"http:\/\/www.regionvastmanland.se\/kulturplan2023\">www.regionvastmanland.se\/kulturplan2023<\/a>&nbsp;hittar du b\u00e5de enk\u00e4ten och mer information om varf\u00f6r en kulturplan \u00e4r viktig f\u00f6r V\u00e4stmanland.<\/p>\n","protected":false},"excerpt":{"rendered":"<p>Nuvarande&nbsp;kulturplan&nbsp;g\u00e5r&nbsp;ut 2022&nbsp;och en ny beh\u00f6ver tas fram i samverkan med l\u00e4nets kommuner, kulturverksamheter, det civila samh\u00e4llet, kulturskapare och kulturlivet Ett&#8230;<\/p>\n","protected":false},"author":5,"featured_media":0,"comment_status":"closed","ping_status":"open","sticky":false,"template":"","format":"standard","meta":[],"categories":[1],"tags":[29,30,26,23,27,24,31,32,22,34,33,25,11,28],"_links":{"self":[{"href":"https:\/\/www.vlbf.se\/index.php?rest_route=\/wp\/v2\/posts\/388"}],"collection":[{"href":"https:\/\/www.vlbf.se\/index.php?rest_route=\/wp\/v2\/posts"}],"about":[{"href":"https:\/\/www.vlbf.se\/index.php?rest_route=\/wp\/v2\/types\/post"}],"author":[{"embeddable":true,"href":"https:\/\/www.vlbf.se\/index.php?rest_route=\/wp\/v2\/users\/5"}],"replies":[{"embeddable":true,"href":"https:\/\/www.vlbf.se\/index.php?rest_route=%2Fwp%2Fv2%2Fcomments&post=388"}],"version-history":[{"count":1,"href":"https:\/\/www.vlbf.se\/index.php?rest_route=\/wp\/v2\/posts\/388\/revisions"}],"predecessor-version":[{"id":389,"href":"https:\/\/www.vlbf.se\/index.php?rest_route=\/wp\/v2\/posts\/388\/revisions\/389"}],"wp:attachment":[{"href":"https:\/\/www.vlbf.se\/index.php?rest_route=%2Fwp%2Fv2%2Fmedia&parent=388"}],"wp:term":[{"taxonomy":"category","embeddable":true,"href":"https:\/\/www.vlbf.se\/index.php?rest_route=%2Fwp%2Fv2%2Fcategories&post=388"},{"taxonomy":"post_tag","embeddable":true,"href":"https:\/\/www.vlbf.se\/index.php?rest_route=%2Fwp%2Fv2%2Ftags&post=388"}],"curies":[{"name":"wp","href":"https:\/\/api.w.org\/{rel}","templated":true}]}}