{"id":407,"date":"2021-05-27T12:50:24","date_gmt":"2021-05-27T10:50:24","guid":{"rendered":"https:\/\/www.vlbf.se\/?p=407"},"modified":"2021-05-27T12:52:50","modified_gmt":"2021-05-27T10:52:50","slug":"sven-erik-ar-arets-folkbildare","status":"publish","type":"post","link":"https:\/\/www.vlbf.se\/?p=407","title":{"rendered":"Sven-Erik \u00e4r \u00e5rets folkbildare"},"content":{"rendered":"\n<p><strong>Ett stort grattis Sven-Erik Henriksson fr\u00e5n V\u00e4ster\u00e5s, som av \u00e5rsm\u00f6tet uts\u00e5gs till \u00c5rets folkbildare av V\u00e4stmanlands l\u00e4nsbildningsf\u00f6rbund. Motiveringen lyder:&nbsp;&nbsp;<\/strong><\/p>\n\n\n\n<p>\u201dEn folkbildare i sj\u00e4l och hj\u00e4rta, som efter sin pensionering f\u00f6r fem \u00e5r sedan h\u00e5ller f\u00f6redrag om ensamhet, existentiell och psykisk h\u00e4lsa samt demens. Han har \u00e4ven varit initiativtagare till samtalsgrupper f\u00f6r seniorer med fokus p\u00e5 mening och livsgl\u00e4dje, och varit samtalsledare f\u00f6r Frukostklubben, d\u00e4r han har tr\u00e4ffat m\u00e4n vars fruar har drabbats av demenssjukdom.<\/p>\n\n\n\n<p>P\u00e5 uppdrag av den nationella organisationen Hj\u00e4rnkoll Senior har han gjort en studie av v\u00e4stmanl\u00e4ndska \u00e4ldre m\u00e4ns upplevelse av ensamhet och kopplingen till psykisk oh\u00e4lsa.<\/p>\n\n\n\n<p>Sven-Eriks insatser har varit av stor betydelse f\u00f6r s\u00e5v\u00e4l enskilda personers v\u00e4lm\u00e5ende och m\u00f6jligheter att p\u00e5verka sin egen livssituation, som f\u00f6r \u00f6kad kunskap om existentiella fr\u00e5gor hos beslutsfattare och allm\u00e4nhet. Han har dessutom lyckats n\u00e5 de \u00e4ldre m\u00e4nnen, en grupp som inte alltid \u00e4r vana att tala med andra om hur de k\u00e4nner sig. Genom sitt stora engagemang f\u00f6r m\u00e4nniskor har han satt fokus p\u00e5 hur upplevelsen av gemenskap och sammanhang p\u00e5verkar h\u00e4lsan livet igenom. Under pandemin har han fortsatt sin viktiga g\u00e4rning med digitala samtalsgrupper f\u00f6r att bryta isoleringen bland seniorer i l\u00e4net. Folkbildning handlar om den utveckling som sker n\u00e4r m\u00e4nniskor m\u00f6ts och l\u00e4r sig tillsammans. H\u00e4r \u00e4r Sven-Erik \u00e4r en verklig f\u00f6rebild som vi vill hylla och uppm\u00e4rksamma.\u201d<\/p>\n\n\n\n<p><\/p>\n","protected":false},"excerpt":{"rendered":"<p>Ett stort grattis Sven-Erik Henriksson fr\u00e5n V\u00e4ster\u00e5s, som av \u00e5rsm\u00f6tet uts\u00e5gs till \u00c5rets folkbildare av V\u00e4stmanlands l\u00e4nsbildningsf\u00f6rbund. Motiveringen lyder:&nbsp;&nbsp; \u201dEn&#8230;<\/p>\n","protected":false},"author":5,"featured_media":0,"comment_status":"closed","ping_status":"open","sticky":false,"template":"","format":"standard","meta":[],"categories":[1],"tags":[40,39,37,36,35,38,41],"_links":{"self":[{"href":"https:\/\/www.vlbf.se\/index.php?rest_route=\/wp\/v2\/posts\/407"}],"collection":[{"href":"https:\/\/www.vlbf.se\/index.php?rest_route=\/wp\/v2\/posts"}],"about":[{"href":"https:\/\/www.vlbf.se\/index.php?rest_route=\/wp\/v2\/types\/post"}],"author":[{"embeddable":true,"href":"https:\/\/www.vlbf.se\/index.php?rest_route=\/wp\/v2\/users\/5"}],"replies":[{"embeddable":true,"href":"https:\/\/www.vlbf.se\/index.php?rest_route=%2Fwp%2Fv2%2Fcomments&post=407"}],"version-history":[{"count":2,"href":"https:\/\/www.vlbf.se\/index.php?rest_route=\/wp\/v2\/posts\/407\/revisions"}],"predecessor-version":[{"id":413,"href":"https:\/\/www.vlbf.se\/index.php?rest_route=\/wp\/v2\/posts\/407\/revisions\/413"}],"wp:attachment":[{"href":"https:\/\/www.vlbf.se\/index.php?rest_route=%2Fwp%2Fv2%2Fmedia&parent=407"}],"wp:term":[{"taxonomy":"category","embeddable":true,"href":"https:\/\/www.vlbf.se\/index.php?rest_route=%2Fwp%2Fv2%2Fcategories&post=407"},{"taxonomy":"post_tag","embeddable":true,"href":"https:\/\/www.vlbf.se\/index.php?rest_route=%2Fwp%2Fv2%2Ftags&post=407"}],"curies":[{"name":"wp","href":"https:\/\/api.w.org\/{rel}","templated":true}]}}