{"id":460,"date":"2021-12-07T16:22:45","date_gmt":"2021-12-07T15:22:45","guid":{"rendered":"https:\/\/www.vlbf.se\/?p=460"},"modified":"2021-12-07T16:22:45","modified_gmt":"2021-12-07T15:22:45","slug":"valkommen-till-bildningsresan-i-vasteras-20-12","status":"publish","type":"post","link":"https:\/\/www.vlbf.se\/?p=460","title":{"rendered":"V\u00e4lkommen till Bildningsresan i V\u00e4ster\u00e5s 20\/12!"},"content":{"rendered":"\n<p>Studief\u00f6rbunden i samverkan genomf\u00f6r tillsammans med de tio studief\u00f6rbunden en bildningsresa genom Sverige. Syftet \u00e4r att visa exempel p\u00e5 studief\u00f6rbundens bredd och bidra till en f\u00f6rdjupad f\u00f6rst\u00e5else av folkbildningen.<br><br>Du \u00e4r v\u00e4lkommen att delta vid&nbsp;Bildningsresans tredje stopp som sker i&nbsp;V\u00e4ster\u00e5s. Vid tr\u00e4ffen visar Kulturens Bildningsverksamhet, Sensus och Studiefr\u00e4mjandet upp verksamhet som f\u00f6ljs av samtal mellan studief\u00f6rbundens f\u00f6retr\u00e4dare och politiker fr\u00e5n riksdagens kulturutskott.&nbsp;<br><br><br><strong>Tid: m\u00e5ndagen den 20 december, kl. 10:00\u201312:00<\/strong><strong><br><\/strong><strong>Plats: Kyrkbacksg\u00e5rden, V\u00e4stra kyrkogatan 10,&nbsp;V\u00e4ster\u00e5s, samt digitalt via Facebook.&nbsp;<\/strong><\/p>\n\n\n\n<p><strong>Anm\u00e4l dig h\u00e4r:&nbsp;<\/strong><strong><a href=\"https:\/\/invajo.com\/l\/dTkcazOi1M\" target=\"_blank\" rel=\"noreferrer noopener\">https:\/\/invajo.com\/l\/dTkcazOi1M<\/a>&nbsp;&nbsp;(har du redan anm\u00e4lt dig s\u00e5 \u00e4r du anm\u00e4ld \u00e4ven 20\/12)<\/strong><\/p>\n\n\n\n<p>Medverkande i samtal om hur bildning f\u00f6renar Sverige:<\/p>\n\n\n\n<p><strong>Vasiliki Tsouplaki<\/strong>, ledamot Kulturutskottet (V),&nbsp;<strong>Ann-Katrin Persson<\/strong>, ordf\u00f6rande Studief\u00f6rbunden i samverkan samt Sensus,&nbsp;<strong>Maria Ryd\u00e9n<\/strong>, f\u00f6rbundschef Kulturens,&nbsp;<strong>Andrea Rodriguez<\/strong>, f\u00f6rbundschef Studiefr\u00e4mjandet.&nbsp;<br>Moderator:&nbsp;<strong>David Samuelsson<\/strong>, generalsekreterare Studief\u00f6rbunden i samverkan.&nbsp;<br><br>V\u00e4lkomna!&nbsp;<\/p>\n","protected":false},"excerpt":{"rendered":"<p>Studief\u00f6rbunden i samverkan genomf\u00f6r tillsammans med de tio studief\u00f6rbunden en bildningsresa genom Sverige. Syftet \u00e4r att visa exempel p\u00e5 studief\u00f6rbundens&#8230;<\/p>\n","protected":false},"author":5,"featured_media":0,"comment_status":"closed","ping_status":"open","sticky":false,"template":"","format":"standard","meta":[],"categories":[1],"tags":[70,71,74,72,75,73],"_links":{"self":[{"href":"https:\/\/www.vlbf.se\/index.php?rest_route=\/wp\/v2\/posts\/460"}],"collection":[{"href":"https:\/\/www.vlbf.se\/index.php?rest_route=\/wp\/v2\/posts"}],"about":[{"href":"https:\/\/www.vlbf.se\/index.php?rest_route=\/wp\/v2\/types\/post"}],"author":[{"embeddable":true,"href":"https:\/\/www.vlbf.se\/index.php?rest_route=\/wp\/v2\/users\/5"}],"replies":[{"embeddable":true,"href":"https:\/\/www.vlbf.se\/index.php?rest_route=%2Fwp%2Fv2%2Fcomments&post=460"}],"version-history":[{"count":1,"href":"https:\/\/www.vlbf.se\/index.php?rest_route=\/wp\/v2\/posts\/460\/revisions"}],"predecessor-version":[{"id":461,"href":"https:\/\/www.vlbf.se\/index.php?rest_route=\/wp\/v2\/posts\/460\/revisions\/461"}],"wp:attachment":[{"href":"https:\/\/www.vlbf.se\/index.php?rest_route=%2Fwp%2Fv2%2Fmedia&parent=460"}],"wp:term":[{"taxonomy":"category","embeddable":true,"href":"https:\/\/www.vlbf.se\/index.php?rest_route=%2Fwp%2Fv2%2Fcategories&post=460"},{"taxonomy":"post_tag","embeddable":true,"href":"https:\/\/www.vlbf.se\/index.php?rest_route=%2Fwp%2Fv2%2Ftags&post=460"}],"curies":[{"name":"wp","href":"https:\/\/api.w.org\/{rel}","templated":true}]}}