{"id":503,"date":"2021-12-20T21:21:33","date_gmt":"2021-12-20T20:21:33","guid":{"rendered":"https:\/\/www.vlbf.se\/?p=503"},"modified":"2021-12-20T21:36:27","modified_gmt":"2021-12-20T20:36:27","slug":"hur-kan-kultur-och-folkbildning-bidra-till-klimatomstallningen","status":"publish","type":"post","link":"https:\/\/www.vlbf.se\/?p=503","title":{"rendered":"Hur kan kultur och folkbildning bidra till klimatomst\u00e4llningen?"},"content":{"rendered":"\n<p><em>&#8221;Om Parisavtalet ska h\u00e5lla m\u00e5ste vi kunna belysa s\u00e5v\u00e4l d\u00e5tid, nutid som framtid ur ett globalt r\u00e4ttviseperspektiv. V\u00e5rt st\u00f6rsta hopp best\u00e5r av demokrati och folkbildning.&#8221;<\/em>&nbsp;\u202fOrden \u00e4r Greta Thunbergs, men de skulle lika g\u00e4rna kunna vara v\u00e5ra.<\/p>\n\n\n\n<p>Branschorganisationen Studief\u00f6rbunden i samverkan beger sig tillsammans med de tio studief\u00f6rbunden ut p\u00e5 en Bildningsresa genom Sverige. Under Bildningsresan kommer vi att prata med de politiker som har st\u00f6rst makt \u00f6ver&nbsp;folkbildningen \u2013 ledam\u00f6terna i Riksdagens kulturutskott.&nbsp;<\/p>\n\n\n\n<p>Den 20 december kommer vi till V\u00e4ster\u00e5s f\u00f6r att samtala med V\u00e4nsterpartiet.<\/p>\n\n\n\n<p><strong>Under resans g\u00e5ng&nbsp;<\/strong>kommer alla tio studief\u00f6rbund att delta och visa upp verksamhet&nbsp;som knyter an till de tio punkterna som finns i programmet.&nbsp;H\u00e4r i V\u00e4ster\u00e5s deltar Studiefr\u00e4mjandet, Sensus och Kulturens Bildningsverksamhet. V\u00e4stmanlands l\u00e4nsbildningsf\u00f6rbund \u00e4r v\u00e5r v\u00e4rd.<\/p>\n\n\n\n<p>Vi kommer i V\u00e4ster\u00e5s att fokusera p\u00e5 klimat, kultur och nya svenskar. Hur h\u00e4nger det ihop, kan man fr\u00e5ga sig. Men det g\u00f6r det! Genom \u00f6kad tillg\u00e4nglighet till kultur f\u00f6r gamla svenskar s\u00e5v\u00e4l som nya st\u00e4rker vi demokratin och skapar f\u00f6ruts\u00e4ttningar f\u00f6r en r\u00e4ttvis klimatomst\u00e4llning. M\u00e4nniskor m\u00e5ste f\u00e5 k\u00e4nna sig delaktiga i samh\u00e4llet f\u00f6r att de ska vilja dra sitt str\u00e5 till stacken f\u00f6r klotets b\u00e4sta. Detta \u00e4r n\u00e5got som studief\u00f6rbunden \u00e4r riktigt bra p\u00e5 och som vi har gjort i mer \u00e4n hundra \u00e5r.<\/p>\n\n\n\n<figure class=\"wp-block-pullquote\"><blockquote><p><em>M\u00e4nniskor m\u00e5ste f\u00e5 k\u00e4nna sig delaktiga i samh\u00e4llet f\u00f6r att de ska vilja dra sitt str\u00e5 till stacken f\u00f6r klotets b\u00e4sta. Detta \u00e4r n\u00e5got som studief\u00f6rbunden \u00e4r riktigt bra p\u00e5 och som vi har gjort i mer \u00e4n hundra \u00e5r.<\/em><\/p><\/blockquote><\/figure>\n\n\n\n<p><strong>Vi kommer tillsammans\u00a0<\/strong>att se Studiefr\u00e4mjandet visa hur var och en av oss kan bidra till en gr\u00f6nare n\u00e4rmilj\u00f6 och ett b\u00e4ttre klimat. Sensus kommer att visa upp sina musikverksamheter Connexion Rap West och Studio Livestream. Kulturens Bildningsverksamhet kommer att visa hur de jobbat med scenkonst tillsammans med asyls\u00f6kande.<\/p>\n\n\n\n<p>Vi \u00e4r \u00f6vertygade om att politiker fattar b\u00e4ttre beslut om de har mer kunskap om det de beslutar om. D\u00e4rf\u00f6r vill vi bidra till en djupare f\u00f6rst\u00e5else av vad vi st\u00e5r f\u00f6r och de v\u00e4rden som riskerar att g\u00e5 f\u00f6rlorade. Vi kommer att vara tydliga i v\u00e5ra budskap och \u00f6nskar att de vill s\u00e4tta sig in i vad folkbildningen verkligen g\u00f6r och betyder.<\/p>\n\n\n\n<p>Tidigare hade politiker ofta en bakgrund fr\u00e5n studief\u00f6rbund och folkh\u00f6gskolor. I dag \u00e4r det inte lika vanligt. F\u00f6r oss som studief\u00f6rbund och studief\u00f6rbundens branschorganisation blir det d\u00e4rf\u00f6r viktigt att ber\u00e4tta f\u00f6r Sveriges politiker om folkbildningen och vad den betyder f\u00f6r enskilda m\u00e4nniskor och samh\u00e4llet i stort.&nbsp;<\/p>\n\n\n\n<p><strong>I V\u00e4ster\u00e5s och p\u00e5 andra\u00a0<\/strong>h\u00e5ll i landet f\u00f6rs en debatt d\u00e4r nyttan med folkbildning och d\u00e4rmed kommunens bidrag till studief\u00f6rbunden ifr\u00e5gas\u00e4tts. Med bristande f\u00f6rankring i statens fyra syften med folkbildningen och de bidragsvillkor som redan finns f\u00f6r studief\u00f6rbunden diskuteras alternativa bed\u00f6mningskriterier lokalt. Vi ser med oro hur s\u00e5dana riskerar att bli b\u00e5de otydliga och styrande p\u00e5 ett s\u00e4tt som inte gynnar folkbildningens grunduppdrag. Vi menar att generella st\u00f6d till den fria och frivilliga folkbildningen \u00e4r en f\u00f6ruts\u00e4ttning f\u00f6r att folkbildning s\u00e5som vi k\u00e4nner den ska kunna fortleva.<\/p>\n\n\n\n<p>Studief\u00f6rbunden utg\u00f6r civilsamh\u00e4llets sj\u00e4lva ryggrad. Det \u00e4r en fantastisk resurs.&nbsp;Vi&nbsp;st\u00e5r f\u00f6r en infrastruktur som ingen annan \u00e4r i n\u00e4rheten av.&nbsp;Vi finns i alla Sveriges kommuner, i&nbsp;byar, i cityk\u00e4rnor och f\u00f6rorter. Nu&nbsp;ger&nbsp;vi oss ut p\u00e5 Bildningsresan&nbsp;&#8211; f\u00f6r att bildning f\u00f6renar m\u00e4nniskor. Det \u00e4r n\u00e4r m\u00e4nniskor fritt och frivilligt s\u00f6ker sig till varandra&nbsp;som de&nbsp;skapar&nbsp;kittet som h\u00e5ller samh\u00e4llet samman. Det \u00e4r det som \u00e4r folkbildning.&nbsp;<\/p>\n\n\n\n<p><strong>Ann-Katrin Persson<\/strong><\/p>\n\n\n\n<p><em>tidigare f\u00f6rbundschef f\u00f6r Sensus samt ordf\u00f6rande, Studief\u00f6rbunden i samverkan<\/em><\/p>\n\n\n\n<p><strong>Maria Ryd\u00e9n<\/strong><\/p>\n\n\n\n<p><em>f\u00f6rbundschef Kulturens Bildningsverksamhet<\/em><\/p>\n\n\n\n<p><strong>Andrea Rodriguez<\/strong><\/p>\n\n\n\n<p><em>f\u00f6rbundschef Studiefr\u00e4mjandet<\/em><\/p>\n\n\n\n<p><strong>David Samuelsson<\/strong><\/p>\n\n\n\n<p><em>generalsekreterare, Studief\u00f6rbunden i samverkan<\/em><\/p>\n\n\n\n<p>Publicerat p\u00e5 Vlt:s debattsida 19 december 2021.<\/p>\n\n\n\n<p><a href=\"https:\/\/www.vlt.se\/2021-12-19\/hur-kan-kultur-och-folkbildning-bidra-till-klimatomstallningen\">https:\/\/www.vlt.se\/2021-12-19\/hu<\/a><a href=\"http:\/\/Hur kan kultur och folkbildning bidra till klimatomst\u00e4llningen?\">r-kan-kultur-och-folkbildning-bidra-till-klimatomstallningen<\/a><\/p>\n","protected":false},"excerpt":{"rendered":"<p>&#8221;Om Parisavtalet ska h\u00e5lla m\u00e5ste vi kunna belysa s\u00e5v\u00e4l d\u00e5tid, nutid som framtid ur ett globalt r\u00e4ttviseperspektiv. V\u00e5rt st\u00f6rsta hopp&#8230;<\/p>\n","protected":false},"author":5,"featured_media":0,"comment_status":"closed","ping_status":"open","sticky":false,"template":"","format":"standard","meta":[],"categories":[1],"tags":[],"_links":{"self":[{"href":"https:\/\/www.vlbf.se\/index.php?rest_route=\/wp\/v2\/posts\/503"}],"collection":[{"href":"https:\/\/www.vlbf.se\/index.php?rest_route=\/wp\/v2\/posts"}],"about":[{"href":"https:\/\/www.vlbf.se\/index.php?rest_route=\/wp\/v2\/types\/post"}],"author":[{"embeddable":true,"href":"https:\/\/www.vlbf.se\/index.php?rest_route=\/wp\/v2\/users\/5"}],"replies":[{"embeddable":true,"href":"https:\/\/www.vlbf.se\/index.php?rest_route=%2Fwp%2Fv2%2Fcomments&post=503"}],"version-history":[{"count":2,"href":"https:\/\/www.vlbf.se\/index.php?rest_route=\/wp\/v2\/posts\/503\/revisions"}],"predecessor-version":[{"id":506,"href":"https:\/\/www.vlbf.se\/index.php?rest_route=\/wp\/v2\/posts\/503\/revisions\/506"}],"wp:attachment":[{"href":"https:\/\/www.vlbf.se\/index.php?rest_route=%2Fwp%2Fv2%2Fmedia&parent=503"}],"wp:term":[{"taxonomy":"category","embeddable":true,"href":"https:\/\/www.vlbf.se\/index.php?rest_route=%2Fwp%2Fv2%2Fcategories&post=503"},{"taxonomy":"post_tag","embeddable":true,"href":"https:\/\/www.vlbf.se\/index.php?rest_route=%2Fwp%2Fv2%2Ftags&post=503"}],"curies":[{"name":"wp","href":"https:\/\/api.w.org\/{rel}","templated":true}]}}