{"id":539,"date":"2022-04-13T15:10:22","date_gmt":"2022-04-13T13:10:22","guid":{"rendered":"https:\/\/www.vlbf.se\/?p=539"},"modified":"2022-04-13T15:10:22","modified_gmt":"2022-04-13T13:10:22","slug":"folkbildningen-i-lokalmedia","status":"publish","type":"post","link":"https:\/\/www.vlbf.se\/?p=539","title":{"rendered":"Folkbildningen i lokalmedia"},"content":{"rendered":"\n<p class=\"has-medium-font-size\"><strong>Familjerna om tipsen de anammat f\u00f6r godare h\u00e4lsa: \u201dB\u00f6rjat \u00e4ta mer nyttigt hemma\u201d<\/strong><\/p>\n\n\n\n<p>F\u00f6r att l\u00e4ra sig om vad nyttig mat \u00e4r\u00a0och hur man uppr\u00e4tth\u00e5ller en god h\u00e4lsa g\u00e5r flera familjer p\u00e5 kursen Sunda barn som Studiefr\u00e4mjandet i V\u00e4stmanland st\u00e5r bakom.\u00a0<\/p>\n\n\n\n<p><a href=\"https:\/\/www.svt.se\/nyheter\/lokalt\/vastmanland\/vi-har-borjat-ata-mer-nyttigt-hemma\">https:\/\/www.svt.se\/nyheter\/lokalt\/vastmanland\/vi-har-borjat-ata-mer-nyttigt-hemma<\/a><\/p>\n\n\n\n<p class=\"has-medium-font-size\"><strong>Nu f\u00e5r HBTQIA+-personer en egen m\u00f6tesplats <\/strong><\/p>\n\n\n\n<p>En individ som enligt samh\u00e4llet bryter mot normer f\u00f6r k\u00f6n, sexualitet eller relationer h\u00e5ller ofta inne med b\u00e5de fr\u00e5gor och funderingar. Nu startar en ny plattform i ett samarbete mellan ABF V\u00e4ster\u00e5s, Ungdomsmottagningen V\u00e4stmanland och RFSL V\u00e4stmanland d\u00e4r dessa personer kan samlas och f\u00e5 m\u00f6jlighet att lyfta sina k\u00e4nslor och tankar .<\/p>\n\n\n\n<p><a href=\"https:\/\/www.vlt.se\/2022-02-23\/nu-far-hbtq-personer-egen-motesplats\">https:\/\/www.vlt.se\/2022-02-23\/nu-far-hbtq-personer-egen-motesplats<\/a><\/p>\n\n\n\n<p class=\"has-medium-font-size\"><strong>Minibibliotek har \u00f6ppnat ovanp\u00e5 elsk\u00e5p i V\u00e4ster\u00e5s<\/strong><\/p>\n\n\n\n<p>Det \u00e4r Nykterhetsr\u00f6relsens Bildnings\u00adverksamhet (NBV) som st\u00e5r bakom projektet som en reaktion p\u00e5 att l\u00e4sandet i Sverige minskar och att fler bibliotek i landet l\u00e4ggs ner. Under 2020 minskade antalet offentligt finansierade bibliotek med 35 stycken.<\/p>\n\n\n\n<p><a href=\"https:\/\/www.vlt.se\/2022-02-05\/minibibliotek-har-oppnat-ovanpa-elskap-i-vasteras\">https:\/\/www.vlt.se\/2022-02-05\/minibibliotek-har-oppnat-ovanpa-elskap-i-vasteras<\/a><\/p>\n","protected":false},"excerpt":{"rendered":"<p>Familjerna om tipsen de anammat f\u00f6r godare h\u00e4lsa: \u201dB\u00f6rjat \u00e4ta mer nyttigt hemma\u201d F\u00f6r att l\u00e4ra sig om vad nyttig&#8230;<\/p>\n","protected":false},"author":5,"featured_media":0,"comment_status":"closed","ping_status":"open","sticky":false,"template":"","format":"standard","meta":[],"categories":[1],"tags":[],"_links":{"self":[{"href":"https:\/\/www.vlbf.se\/index.php?rest_route=\/wp\/v2\/posts\/539"}],"collection":[{"href":"https:\/\/www.vlbf.se\/index.php?rest_route=\/wp\/v2\/posts"}],"about":[{"href":"https:\/\/www.vlbf.se\/index.php?rest_route=\/wp\/v2\/types\/post"}],"author":[{"embeddable":true,"href":"https:\/\/www.vlbf.se\/index.php?rest_route=\/wp\/v2\/users\/5"}],"replies":[{"embeddable":true,"href":"https:\/\/www.vlbf.se\/index.php?rest_route=%2Fwp%2Fv2%2Fcomments&post=539"}],"version-history":[{"count":1,"href":"https:\/\/www.vlbf.se\/index.php?rest_route=\/wp\/v2\/posts\/539\/revisions"}],"predecessor-version":[{"id":540,"href":"https:\/\/www.vlbf.se\/index.php?rest_route=\/wp\/v2\/posts\/539\/revisions\/540"}],"wp:attachment":[{"href":"https:\/\/www.vlbf.se\/index.php?rest_route=%2Fwp%2Fv2%2Fmedia&parent=539"}],"wp:term":[{"taxonomy":"category","embeddable":true,"href":"https:\/\/www.vlbf.se\/index.php?rest_route=%2Fwp%2Fv2%2Fcategories&post=539"},{"taxonomy":"post_tag","embeddable":true,"href":"https:\/\/www.vlbf.se\/index.php?rest_route=%2Fwp%2Fv2%2Ftags&post=539"}],"curies":[{"name":"wp","href":"https:\/\/api.w.org\/{rel}","templated":true}]}}