{"id":549,"date":"2022-08-12T13:55:10","date_gmt":"2022-08-12T11:55:10","guid":{"rendered":"https:\/\/www.vlbf.se\/?p=549"},"modified":"2022-08-26T08:47:02","modified_gmt":"2022-08-26T06:47:02","slug":"vastmanlands-lansbildningsforbund-soker-lansbildningskonsulent","status":"publish","type":"post","link":"https:\/\/www.vlbf.se\/?p=549","title":{"rendered":"V\u00e4stmanlands L\u00e4nsbildningsf\u00f6rbund s\u00f6ker L\u00e4nsbildningskonsulent\u00a0"},"content":{"rendered":"\n<p><\/p>\n\n\n\n<p><strong>Du \u00e4r en folkbildare i sj\u00e4len, ut\u00e5triktad som person, omv\u00e4rldsspanare och k\u00e4nner v\u00e4l till V\u00e4stmanland. Du tycker om att samverka och ser m\u00f6jligheter till att v\u00e4xla upp olika verksamheter med varandra.&nbsp;<\/strong><\/p>\n\n\n\n<p>V\u00e4stmanlands L\u00e4nsbildningsf\u00f6rbund (VLBF) \u00e4r ett regionalt samarbetsorgan och intresseorganisation f\u00f6r folkbildningen i l\u00e4net. Medlemmarna \u00e4r tio studief\u00f6rbund, SISU Idrottsutbildarna och fyra folkh\u00f6gskolor. Folkbildningens nuvarande situation och framtida betydelse \u00e4r v\u00e5rt fokus. VLBF ska underl\u00e4tta skapandet av m\u00f6tesplatser mellan folkbildningens akt\u00f6rer och \u00f6vriga samh\u00e4llet. Vi arbetar med opinionsarbete och f\u00f6r \u00f6kad kunskap om och intresse f\u00f6r folkbildning gentemot myndigheter och offentliga akt\u00f6rer. Vi har n\u00e4ra samarbete med Regionen, L\u00e4nsstyrelsen samt l\u00e4nets 10 kommuner.<\/p>\n\n\n\n<p>Styrelsens ambition \u00e4r att f\u00f6rbundet ska vara en sj\u00e4lvklar akt\u00f6r in i framtiden. VLBF ska vara med och skapa ett brett forum d\u00e4r fler akt\u00f6rer kan engagera sig inom kultur och samh\u00e4llsfr\u00e5gor s\u00e5som demokrati, delaktighet, tillg\u00e4nglighet, kultur och folkh\u00e4lsa.&nbsp;<\/p>\n\n\n\n<p><strong>Som l\u00e4nsbildningskonsulent&nbsp;<\/strong><\/p>\n\n\n\n<p>\u2022&nbsp;\u00c4r du anst\u00e4lld av V\u00e4stmanlands L\u00e4nsbildningsf\u00f6rbund (VLBF).&nbsp;<\/p>\n\n\n\n<p>\u2022&nbsp;Du fungerar som en l\u00e4nk mellan v\u00e5ra medlemmar och l\u00e4nets akt\u00f6rer. Det kan till exempel inneb\u00e4ra att koppla ihop en nystartad f\u00f6rening med ett studief\u00f6rbund, f\u00f6rdela projekt och regionbidrag till studief\u00f6rbunden och vara behj\u00e4lplig vid projektans\u00f6kningar.&nbsp;<\/p>\n\n\n\n<p>\u2022&nbsp;F\u00f6r att trivas i rollen beh\u00f6ver du vara sj\u00e4lvg\u00e5ende och ha f\u00f6rm\u00e5gan att strukturera och planera ditt arbete p\u00e5 ett effektivt s\u00e4tt. I ditt arbete kommer du att ha m\u00e5nga interna och externa kontakter varf\u00f6r vi ser att du har l\u00e4tt f\u00f6r att skapa och utveckla goda relationer i ditt arbete.&nbsp;<\/p>\n\n\n\n<p>D\u00e5 arbetet ofta beh\u00f6ver snabba insatser kr\u00e4vs det att du \u00e4r flexibel och tycker om att jobba i ett h\u00f6gt tempo d\u00e4r ingen dag \u00e4r den andra lik. Du har en god f\u00f6rm\u00e5ga att arbeta strategiskt genom handling, stor organisatorisk f\u00f6rm\u00e5ga och kunna prioritera och sj\u00e4lvst\u00e4ndigt planera arbetet.&nbsp;<\/p>\n\n\n\n<p>\u2022&nbsp;I tj\u00e4nsten ing\u00e5r \u00e4ven administration, arbetsgivaransvar och ekonomiskt ansvar vilket inneb\u00e4r att du kan analysera granska siffror och underlag samt kan uttrycka dig i tal och skrift.&nbsp;<\/p>\n\n\n\n<p>\u2022&nbsp;Kontoret ligger i V\u00e4ster\u00e5s men arbetsomr\u00e5det \u00e4r hela V\u00e4stmanland vilket f\u00f6ruts\u00e4tter k\u00f6rkort och egen bil och att viss tid av arbetet \u00e4r f\u00f6rlagd till kv\u00e4llar och helger. Tj\u00e4nsten \u00e4r utformad som s\u00e5 att du sj\u00e4lv l\u00e4gger upp arbetet, frihet under ansvar.&nbsp;<\/p>\n\n\n\n<p>Du har relevant utbildning f\u00f6r tj\u00e4nsten och minst 5 \u00e5rs arbetslivserfarenhet.&nbsp;<\/p>\n\n\n\n<p>Du kommer att jobba i en ideell organisation och det st\u00e4ller krav p\u00e5 f\u00f6reningskunskap och g\u00e4rna kunskap om politiska processer p\u00e5 framf\u00f6r allt kommunal och regional niv\u00e5.&nbsp;<\/p>\n\n\n\n<p>Tj\u00e4nsten \u00e4r en tillsvidareanst\u00e4llning och vi till\u00e4mpar provanst\u00e4llning p\u00e5 sex m\u00e5nader.&nbsp;Kollektivavtal finns.&nbsp;<\/p>\n\n\n\n<p>Ans\u00f6kan med personligt brev och meritf\u00f6rteckning&nbsp;ska vara oss tillhanda senast den&nbsp;<\/p>\n\n\n\n<p>16 september till mailadress:\u00a0<a href=\"mailto:rekrytering@vlbf.se\">rekrytering@vlbf.se<\/a> Tilltr\u00e4de enligt \u00f6verenskommelse.<\/p>\n","protected":false},"excerpt":{"rendered":"<p>Du \u00e4r en folkbildare i sj\u00e4len, ut\u00e5triktad som person, omv\u00e4rldsspanare och k\u00e4nner v\u00e4l till V\u00e4stmanland. Du tycker om att samverka&#8230;<\/p>\n","protected":false},"author":5,"featured_media":0,"comment_status":"closed","ping_status":"open","sticky":false,"template":"","format":"standard","meta":[],"categories":[1],"tags":[79],"_links":{"self":[{"href":"https:\/\/www.vlbf.se\/index.php?rest_route=\/wp\/v2\/posts\/549"}],"collection":[{"href":"https:\/\/www.vlbf.se\/index.php?rest_route=\/wp\/v2\/posts"}],"about":[{"href":"https:\/\/www.vlbf.se\/index.php?rest_route=\/wp\/v2\/types\/post"}],"author":[{"embeddable":true,"href":"https:\/\/www.vlbf.se\/index.php?rest_route=\/wp\/v2\/users\/5"}],"replies":[{"embeddable":true,"href":"https:\/\/www.vlbf.se\/index.php?rest_route=%2Fwp%2Fv2%2Fcomments&post=549"}],"version-history":[{"count":3,"href":"https:\/\/www.vlbf.se\/index.php?rest_route=\/wp\/v2\/posts\/549\/revisions"}],"predecessor-version":[{"id":552,"href":"https:\/\/www.vlbf.se\/index.php?rest_route=\/wp\/v2\/posts\/549\/revisions\/552"}],"wp:attachment":[{"href":"https:\/\/www.vlbf.se\/index.php?rest_route=%2Fwp%2Fv2%2Fmedia&parent=549"}],"wp:term":[{"taxonomy":"category","embeddable":true,"href":"https:\/\/www.vlbf.se\/index.php?rest_route=%2Fwp%2Fv2%2Fcategories&post=549"},{"taxonomy":"post_tag","embeddable":true,"href":"https:\/\/www.vlbf.se\/index.php?rest_route=%2Fwp%2Fv2%2Ftags&post=549"}],"curies":[{"name":"wp","href":"https:\/\/api.w.org\/{rel}","templated":true}]}}